[{"@context":"https:\/\/schema.org\/","@type":"Article","@id":"https:\/\/www.pppvy.cz\/soukromy-domov-pro-seniory\/#Article","mainEntityOfPage":"https:\/\/www.pppvy.cz\/soukromy-domov-pro-seniory\/","headline":"Soukrom\u00fd domov pro seniory?","name":"Soukrom\u00fd domov pro seniory?","description":"Napadlo V\u00e1s n\u011bkdy, kdy\u017e sledujete, jak nedostate\u010dn\u00e9 jsou kapacity soci\u00e1ln\u00edch za\u0159\u00edzen\u00ed, \u017ee by to mohl b\u00fdt zaj\u00edmav\u00fd podnikatelsk\u00fd z\u00e1m\u011br? C\u00edtili jste z\u00e1rove\u0148 pocity studu, proto\u017ee na zranitelnosti druh\u00fdch se p\u0159ece nevyd\u011bl\u00e1v\u00e1? Tak v\u011b\u0159te, \u017ee tento zaj\u00edmav\u00fd podnikatelsk\u00fd z\u00e1m\u011br m\u016f\u017ee b\u00fdt skute\u010dn\u011b velmi prosp\u011b\u0161n\u00fd a to pro v\u0161echny strany. M\u00e1 to samoz\u0159ejm\u011b tak\u00e9 celou \u0159adu velk\u00fdch [&hellip;]","datePublished":"2017-10-20","dateModified":"2023-05-15","author":{"@type":"Person","@id":"https:\/\/www.pppvy.cz\/author\/#Person","name":"","url":"https:\/\/www.pppvy.cz\/author\/","identifier":1,"image":{"@type":"ImageObject","@id":"https:\/\/secure.gravatar.com\/avatar\/bbaa4e9a58aac4329fe0ade0f3fb816f09f0dc43c21f6e884dccfbc124b16b29?s=96&d=mm&r=g","url":"https:\/\/secure.gravatar.com\/avatar\/bbaa4e9a58aac4329fe0ade0f3fb816f09f0dc43c21f6e884dccfbc124b16b29?s=96&d=mm&r=g","height":96,"width":96}},"publisher":{"@type":"Organization","name":"pppvy.cz","logo":{"@type":"ImageObject","@id":"\/logo.png","url":"\/logo.png","width":600,"height":60}},"image":{"@type":"ImageObject","@id":"https:\/\/www.pppvy.cz\/wp-content\/uploads\/img_a303491_w1693_t1513804516.jpg","url":"https:\/\/www.pppvy.cz\/wp-content\/uploads\/img_a303491_w1693_t1513804516.jpg","height":0,"width":0},"url":"https:\/\/www.pppvy.cz\/soukromy-domov-pro-seniory\/","about":["Spole\u010dnosti"],"wordCount":446,"articleBody":"\tNapadlo V\u00e1s n\u011bkdy, kdy\u017e sledujete, jak nedostate\u010dn\u00e9 jsou kapacity soci\u00e1ln\u00edch za\u0159\u00edzen\u00ed, \u017ee by to mohl b\u00fdt zaj\u00edmav\u00fd podnikatelsk\u00fd z\u00e1m\u011br? C\u00edtili jste z\u00e1rove\u0148 pocity studu, proto\u017ee na zranitelnosti druh\u00fdch se p\u0159ece nevyd\u011bl\u00e1v\u00e1? Tak v\u011b\u0159te, \u017ee tento zaj\u00edmav\u00fd podnikatelsk\u00fd z\u00e1m\u011br m\u016f\u017ee b\u00fdt skute\u010dn\u011b velmi prosp\u011b\u0161n\u00fd a to pro v\u0161echny strany. M\u00e1 to samoz\u0159ejm\u011b tak\u00e9 celou \u0159adu velk\u00fdch ale.\tPro za\u010d\u00e1tek je t\u0159eba uv\u011bdomit si, \u017ee tabuizovat komerci a altruismus je velk\u00e1 chyba. I soci\u00e1ln\u00ed projekt m\u016f\u017ee b\u00fdt komer\u010dn\u011b \u00fasp\u011b\u0161n\u00fd a projekt, kter\u00fd je pln\u011b dotovan\u00fd ze strany st\u00e1tu \u010di evropsk\u00e9 unie m\u016f\u017ee b\u00fdt z lidsk\u00e9ho hlediska naprost\u00fd propad\u00e1k.\t\tZa\u0159\u00eddit vlastn\u00ed pobytov\u00e9 za\u0159\u00edzen\u00ed pro seniory nebo lidi s posti\u017een\u00edm nen\u00ed v\u016fbec \u0161patn\u00fd n\u00e1pad. V \u010desk\u00e9 \u0159ad\u011b je zna\u010dn\u00e9 mno\u017estv\u00ed soukrom\u00fdch objekt\u016f tohoto typu.\tJejich \u00farove\u0148 je ov\u0161em r\u016fzn\u00e1. N\u011bkter\u00e9 dok\u00e1zaly nastavit tak dokonalou slu\u017ebu s tak vypracovan\u00fdmi n\u00e1vazn\u00fdmi a aktiviza\u010dn\u00edmi slu\u017ebami, \u017ee c\u00edrkevn\u00ed a p\u0159\u00edsp\u011bvkov\u00e9 organizace by jim mohli z\u00e1vid\u011bt a mohli by se k nim chodit u\u010dit.\t&nbsp;\tKdy\u017e n\u011bkdo mysl\u00ed jen na sv\u016fj ziskN\u011bkter\u00e9 ov\u0161em ukazuj\u00ed hyenismus lid\u00ed, kte\u0159\u00ed mysl\u00ed p\u0159edev\u0161\u00edm na vlastn\u00ed zisk. Tito provozovatel\u00e9 d\u011blaj\u00ed ostudu v\u0161em soukrom\u00fdm poskytovatel\u016fm, proto\u017ee nastavuj\u00ed v\u0161eobecn\u00e9 m\u00edn\u011bn\u00ed na p\u0159\u00edli\u0161 n\u00edzkou p\u0159\u00ed\u010dku. Lid\u00e9 pak obecn\u011b ztrat\u00ed v tento typ za\u0159\u00edzen\u00ed d\u016fv\u011bru. Ur\u010dit\u011b by bylo na m\u00edst\u011b, kdyby se na tato za\u0159\u00edzen\u00ed zam\u011b\u0159ily metodick\u00e9 kontroly ze stranu magistr\u00e1tu a na sv\u00e9 kontroly doch\u00e1zely p\u0159edev\u0161\u00edm neohl\u00e1\u0161en\u011b. Proto\u017ee jen tak je mo\u017enost na\u010dapat provozovatele &bdquo;na hru\u0161k\u00e1ch&ldquo;, pokutovat je a p\u0159edev\u0161\u00edm sjednat n\u00e1pravu.&nbsp;Jak\u00e9 jsou probl\u00e9my v t\u011bchto za\u0159\u00edzen\u00edch?\t\tNedostate\u010dn\u00fd person\u00e1l\t\tNedostatek \u010dasu, tak\u017ee u\u017eivatel\u00e9 jsou uspokojen\u00ed jen v t\u011bch z\u00e1kladn\u00edch pot\u0159eb\u00e1ch\t\tNedostate\u010dn\u00e9 prostory pro odpo\u010dinek a rekreaci&nbsp;Pokud chcete z\u0159\u00eddit soukrom\u00e9 za\u0159\u00edzen\u00ed, ur\u010dit\u011b by V\u00e1s nem\u011bl prim\u00e1rn\u011b motivovat zisk, i kdy\u017e ho mus\u00edte br\u00e1t v potaz, abyste slu\u017ebu nastavil funk\u010dn\u011b z provozn\u00edho hlediska. \u010clov\u011bk mus\u00ed m\u00edt mnoho nad\u0161en\u00ed, aby slu\u017ebu nastavil tak, aby opravdu plnila sv\u00e9 c\u00edle z lidsk\u00e9ho hlediska.                                                                                                                                                                                                                                                                                                                                                                                        4\/5 - (10 votes)        "},{"@context":"https:\/\/schema.org\/","@type":"BreadcrumbList","itemListElement":[{"@type":"ListItem","position":1,"name":"Soukrom\u00fd domov pro seniory?","item":"https:\/\/www.pppvy.cz\/soukromy-domov-pro-seniory\/#breadcrumbitem"}]}]