[{"@context":"https:\/\/schema.org\/","@type":"Article","@id":"https:\/\/www.pppvy.cz\/na-svatbe-musi-ladit-uplne-vsechno\/#Article","mainEntityOfPage":"https:\/\/www.pppvy.cz\/na-svatbe-musi-ladit-uplne-vsechno\/","headline":"Na svatb\u011b mus\u00ed ladit \u00fapln\u011b v\u0161echno","name":"Na svatb\u011b mus\u00ed ladit \u00fapln\u011b v\u0161echno","description":"N\u011bkter\u00e9 z n\u00e1s \u010dekaj\u00ed na sv\u016fj den ji\u017e dlouhou dobu, a n\u011bkter\u00e9 ho maj\u00ed u\u017e n\u011bjakou tu chvilku za sebou. I kdy\u017e se v tomto li\u0161\u00edme, tak st\u00e1le existuje n\u011bco, co n\u00e1s v\u0161echny spojuje. T\u00edm pomysln\u00fdm pojidlem je fakt, \u017ee bychom cht\u011bly, aby v\u0161echno vy\u0161lo podle pl\u00e1nu. Zkr\u00e1tka a dob\u0159e, ten n\u00e1\u0161 den chceme nebo [&hellip;]","datePublished":"2019-11-23","dateModified":"2023-05-15","author":{"@type":"Person","@id":"https:\/\/www.pppvy.cz\/author\/#Person","name":"","url":"https:\/\/www.pppvy.cz\/author\/","identifier":1,"image":{"@type":"ImageObject","@id":"https:\/\/secure.gravatar.com\/avatar\/bbaa4e9a58aac4329fe0ade0f3fb816f09f0dc43c21f6e884dccfbc124b16b29?s=96&d=mm&r=g","url":"https:\/\/secure.gravatar.com\/avatar\/bbaa4e9a58aac4329fe0ade0f3fb816f09f0dc43c21f6e884dccfbc124b16b29?s=96&d=mm&r=g","height":96,"width":96}},"publisher":{"@type":"Organization","name":"pppvy.cz","logo":{"@type":"ImageObject","@id":"\/logo.png","url":"\/logo.png","width":600,"height":60}},"image":{"@type":"ImageObject","@id":"https:\/\/www.pppvy.cz\/wp-content\/uploads\/img_a376684_w3848_t1588237042.jpg","url":"https:\/\/www.pppvy.cz\/wp-content\/uploads\/img_a376684_w3848_t1588237042.jpg","height":0,"width":0},"url":"https:\/\/www.pppvy.cz\/na-svatbe-musi-ladit-uplne-vsechno\/","about":["Spole\u010dnosti"],"wordCount":446,"articleBody":"                    N\u011bkter\u00e9 z n\u00e1s \u010dekaj\u00ed na sv\u016fj den ji\u017e dlouhou dobu, a n\u011bkter\u00e9 ho maj\u00ed u\u017e n\u011bjakou tu chvilku za sebou. I kdy\u017e se v tomto li\u0161\u00edme, tak st\u00e1le existuje n\u011bco, co n\u00e1s v\u0161echny spojuje. T\u00edm pomysln\u00fdm pojidlem je fakt, \u017ee bychom cht\u011bly, aby v\u0161echno vy\u0161lo podle pl\u00e1nu. Zkr\u00e1tka a dob\u0159e, ten n\u00e1\u0161 den chceme nebo jsme cht\u011bly pro\u017e\u00edt tak, abychom si ho uchovaly jako n\u00e1dhernou a nezapomenutelnou vzpom\u00ednku. A\u0165 u\u017e je to tedy jakkoliv, v\u017edy chceme, aby v\u0161e bylo naprosto perfektn\u00ed. Mo\u017en\u00e1 se na\u0161im drah\u00fdm  https:\/\/finexpert.e15.cz\/nejvice-verime-starozitnostem-drahym-kovum-a-stavebnimu-sporeni polovi\u010dk\u00e1m m\u016f\u017ee zd\u00e1t, \u017ee to ob\u010das p\u0159eh\u00e1n\u00edme, ale v\u011b\u0159te, \u017ee kdy\u017e si ve\u010der spole\u010dn\u011b sednete k lahvince dobr\u00e9ho v\u00edna, a v\u0161e va\u0161im prot\u011bj\u0161k\u016fm vysv\u011btl\u00edte, jist\u011b u nich najdete pochopen\u00ed. Sice v\u00e1m ze za\u010d\u00e1tku mo\u017en\u00e1 budou vysv\u011btlovat, \u017ee si mysl\u00ed, \u017ee ur\u010dit\u00e9 v\u011bci jsou v\u0161em vlastn\u011b \u00fapln\u011b jedno, ale po n\u011bjak\u00e9 chvilce jim dojde, \u017ee jste jim to \u0159ekly jen proto, \u017ee chcete, aby v\u0161e fungovalo tak, jak m\u00e1. Jakmile si tuto skute\u010dnost p\u00e1nov\u00e9 uv\u011bdom\u00ed, v\u011b\u0159te, \u017ee tu pro ka\u017edou z v\u00e1s v\u00e1\u0161 ryt\u00ed\u0159 v\u017edy bude. V r\u00e1mci p\u0159\u00edprav v\u0161ak nejprve vy\u0159e\u0161te ty v\u011bt\u0161\u00ed v\u011bci jako m\u00edsto ob\u0159adu, typ hostiny nebo nap\u0159\u00edklad svatebn\u00ed dort. Mus\u00edte v\u0161ak po\u010d\u00edtat s t\u00edm, \u017ee p\u0159ijdou na \u0159adu i ur\u010dit\u00e9 kompromisy, jeliko\u017e nejde jen o v\u00e1s, ale tak\u00e9 o va\u0161eho mil\u00e9ho. Jakmile budete m\u00edt toto hotov\u00e9, v\u011b\u0159te, \u017ee m\u00e1te dobr\u00fd z\u00e1klad pro to, aby v\u0161e dob\u0159e dopadlo. Teprve pot\u00e9 nast\u00e1v\u00e1 chv\u00edle k \u0159e\u0161en\u00ed t\u011bch drobn\u011bj\u0161\u00edch v\u011bc\u00ed, mezi kter\u00e9 jednozna\u010dn\u011b pat\u0159\u00ed v\u00fdzdoba a vzhled svatebn\u00ed tabule. Zde je v\u0161ak d\u016fle\u017eit\u00e9, aby se v\u00e1m to zamlouvalo, a proto se ni\u010deho nebojte, a \u0159e\u0161te klidn\u011b i svatebn\u00ed ubrousky. A\u010d se na prvn\u00ed pohled zd\u00e1, \u017ee se jedn\u00e1 o opravdovou mali\u010dkost, nemus\u00ed tomu tak b\u00fdt. Pokud by toti\u017e v\u0161e neladilo podle va\u0161ich p\u0159edstav, vy sama byste si sv\u016fj den nedok\u00e1zala u\u017e\u00edt tak, jak byste m\u011bla. A proto si v\u017edy pamatujte, \u017ee je podstatn\u00e9 to, abyste se za ka\u017ed\u00e9 situace c\u00edtila dob\u0159e, a m\u011bla se na koho spolehnout.                                                                                                                                                                                                                                                                                                                                                                                          4\/5 - (11 votes)        "},{"@context":"https:\/\/schema.org\/","@type":"BreadcrumbList","itemListElement":[{"@type":"ListItem","position":1,"name":"Na svatb\u011b mus\u00ed ladit \u00fapln\u011b v\u0161echno","item":"https:\/\/www.pppvy.cz\/na-svatbe-musi-ladit-uplne-vsechno\/#breadcrumbitem"}]}]