[{"@context":"https:\/\/schema.org\/","@type":"Article","@id":"https:\/\/www.pppvy.cz\/kvalita-spanku-souvisi-s-vyberem-postele\/#Article","mainEntityOfPage":"https:\/\/www.pppvy.cz\/kvalita-spanku-souvisi-s-vyberem-postele\/","headline":"Kvalita sp\u00e1nku souvis\u00ed s v\u00fdb\u011brem postele","name":"Kvalita sp\u00e1nku souvis\u00ed s v\u00fdb\u011brem postele","description":"Kvalitn\u00ed sp\u00e1nek je s naprostou jistotou p\u0159esn\u011b t\u00edm, co je z\u00e1kladn\u00edm kamenem toho, aby ka\u017ed\u00fd z n\u00e1s mohl n\u00e1sleduj\u00edc\u00ed den fungovat tak, jak je pot\u0159eba. V\u0161em je n\u00e1m tak tedy v\u00edce ne\u017e jasn\u00e9, \u017ee pr\u00e1v\u011b bez sp\u00e1nku se nikdo z n\u00e1s nem\u016f\u017ee obej\u00edt, a p\u0159esn\u011b tak bychom k n\u011bmu m\u011bli i p\u0159istupovat \u2013 m\u011bli bychom [&hellip;]","datePublished":"2020-08-10","dateModified":"2023-10-17","author":{"@type":"Person","@id":"https:\/\/www.pppvy.cz\/author\/#Person","name":"","url":"https:\/\/www.pppvy.cz\/author\/","identifier":1,"image":{"@type":"ImageObject","@id":"https:\/\/secure.gravatar.com\/avatar\/bbaa4e9a58aac4329fe0ade0f3fb816f09f0dc43c21f6e884dccfbc124b16b29?s=96&d=mm&r=g","url":"https:\/\/secure.gravatar.com\/avatar\/bbaa4e9a58aac4329fe0ade0f3fb816f09f0dc43c21f6e884dccfbc124b16b29?s=96&d=mm&r=g","height":96,"width":96}},"publisher":{"@type":"Organization","name":"pppvy.cz","logo":{"@type":"ImageObject","@id":"\/logo.png","url":"\/logo.png","width":600,"height":60}},"image":{"@type":"ImageObject","@id":"https:\/\/www.pppvy.cz\/wp-content\/uploads\/art386603_4x3_20260814_110500_AzuUTh.jpg","url":"https:\/\/www.pppvy.cz\/wp-content\/uploads\/art386603_4x3_20260814_110500_AzuUTh.jpg","height":0,"width":0},"url":"https:\/\/www.pppvy.cz\/kvalita-spanku-souvisi-s-vyberem-postele\/","about":["Produkty"],"wordCount":455,"articleBody":"\tKvalitn\u00ed sp\u00e1nek je s naprostou jistotou p\u0159esn\u011b t\u00edm, co je z\u00e1kladn\u00edm kamenem toho, aby ka\u017ed\u00fd z n\u00e1s mohl n\u00e1sleduj\u00edc\u00ed den fungovat tak, jak je pot\u0159eba. V\u0161em je n\u00e1m tak tedy v\u00edce ne\u017e jasn\u00e9, \u017ee pr\u00e1v\u011b bez sp\u00e1nku se nikdo z n\u00e1s nem\u016f\u017ee obej\u00edt, a p\u0159esn\u011b tak bychom k n\u011bmu m\u011bli i p\u0159istupovat \u2013 m\u011bli bychom si ho tedy v\u00e1\u017eit, a z\u00e1rove\u0148 tak\u00e9 pe\u010dovat o jeho kvalitu. \tSamoz\u0159ejm\u011b, \u017ee n\u011bco takov\u00e9ho je b\u011bhem na dlouhou tra\u0165, av\u0161ak jednotliv\u00e9 kroky mnohdy mnoho \u010dasu opravdu nezaberou. Nejprve jde o to, abyste se zamysleli nad t\u00edm, jak\u00fd konkr\u00e9tn\u00ed typ postele je vhodn\u00e9 po\u0159\u00eddit, co\u017e je na tom v\u0161em ve sv\u00e9 podstat\u011b vlastn\u011b nejt\u011b\u017e\u0161\u00ed. D\u00e1le zb\u00fdv\u00e1 k \u0159e\u0161en\u00ed vhodn\u00e9 um\u00edst\u011bn\u00ed tohoto druhu n\u00e1bytku, a tak\u00e9 v\u00fdb\u011br matrace, co\u017e m\u016f\u017ee b\u00fdt mnohdy velmi t\u011b\u017ek\u00fd o\u0159\u00ed\u0161ek, a to zejm\u00e9na z toho d\u016fvodu, \u017ee na sou\u010dasn\u00e9m trhu se jich nach\u00e1z\u00ed opravdu nep\u0159ebern\u00e9 mno\u017estv\u00ed. Te\u010f se v\u0161ak poj\u010fme soust\u0159edit na to nejpodstatn\u011bj\u0161\u00ed.\t\tT\u00edm nejhlavn\u011bj\u0161\u00edm je v\u0161ak v\u00fdb\u011br nov\u00e9 postele, a pr\u00e1v\u011b proto v\u00e1m doporu\u010duji sv\u016fj v\u00fdb\u011br zam\u011b\u0159it na d\u0159ev\u011bn\u00e9 postele, a to zejm\u00e9na z toho d\u016fvodu, \u017ee pr\u00e1v\u011b zde m\u00e1te jistotu s ohledem na v\u00fdb\u011br kvalitn\u00edho l\u016f\u017eka. Vedle toho je tak\u00e9 faktem, \u017ee d\u0159evo se l\u00e9pe skloub\u00ed s ostatn\u00edmi kusy n\u00e1bytku, co\u017e tedy vede k tomu, \u017ee je pro v\u00e1s jist\u011b pr\u00e1v\u011b tento druh tohoto v\u00fdrobku tou nejide\u00e1ln\u011bj\u0161\u00ed volbou. Ohledn\u011b odst\u00ednu \u010di \u0161\u00ed\u0159ky si v\u0161ak mus\u00edte poradit sami, a to zejm\u00e9na z toho d\u016fvodu, \u017ee nikdo jin\u00fd nem\u016f\u017eete v\u011bd\u011bt, co se pr\u00e1v\u011b v\u00e1m l\u00edb\u00ed, a tak byste se tedy p\u0159i v\u00fdb\u011bru nem\u011bli nechat zl\u00e1kat t\u00edm, co v\u00e1m jist\u011b s l\u00e1skou rad\u00ed va\u0161e okol\u00ed.\tKone\u010dn\u00e1 volba je tak tedy jen a jen na v\u00e1s, a to je vlastn\u011b zcela spr\u00e1vn\u011b, jeliko\u017e jen tak je mo\u017en\u00e9, abyste vy, a tak\u00e9 ostatn\u00ed \u010dlenov\u00e9 dom\u00e1cnosti byli zcela spokojeni s t\u00edm, co se vybere. V\u011b\u0159te tak tedy v\u00edce sv\u00e9 vlastn\u00ed intuici, a m\u011bjte krom\u011b o\u010d\u00ed otev\u0159en\u00e9 tak\u00e9 srdce, jeliko\u017e pr\u00e1v\u011b ono s naprostou jistotou v\u00ed, co je pro v\u00e1s pr\u00e1v\u011b te\u010f a tady ze v\u0161eho nejlep\u0161\u00ed.                                                                                                                                                                                                                                                                                                                                                                                                "},{"@context":"https:\/\/schema.org\/","@type":"BreadcrumbList","itemListElement":[{"@type":"ListItem","position":1,"name":"Kvalita sp\u00e1nku souvis\u00ed s v\u00fdb\u011brem postele","item":"https:\/\/www.pppvy.cz\/kvalita-spanku-souvisi-s-vyberem-postele\/#breadcrumbitem"}]}]